{"id":167,"date":"2016-09-23T13:26:30","date_gmt":"2016-09-23T11:26:30","guid":{"rendered":"http:\/\/tim-stelzer.de\/wp\/?p=167"},"modified":"2018-05-17T09:28:43","modified_gmt":"2018-05-17T07:28:43","slug":"ukm-geschaeftsbericht-2015-die-gesichter-des-ukm","status":"publish","type":"post","link":"https:\/\/blog.tim-stelzer.de\/?p=167","title":{"rendered":"UKM Gesch\u00e4ftsbericht 2015: &#8222;Die Gesichter des UKM&#8220;"},"content":{"rendered":"<p><img loading=\"lazy\" decoding=\"async\" class=\"alignnone wp-image-169 \" src=\"http:\/\/tim-stelzer.de\/wp\/wp-content\/uploads\/2016\/09\/IMG_7715-225x300.jpg\" alt=\"img_7715\" width=\"201\" height=\"268\" \/><a href=\"http:\/\/tim-stelzer.de\/wp\/wp-content\/uploads\/2016\/09\/IMG_7716.jpg\"><img loading=\"lazy\" decoding=\"async\" class=\"alignnone wp-image-168 \" src=\"http:\/\/tim-stelzer.de\/wp\/wp-content\/uploads\/2016\/09\/IMG_7716-300x225.jpg\" alt=\"img_7716\" width=\"355\" height=\"266\" \/><\/a><\/p>\n<p>Von Januar bis\u00a0M\u00e4rz 2016 \u00a0auf meinem Schreibtisch entstanden, im Sommer erschienen:<\/p>\n<p>Der <a href=\"http:\/\/klinikum.uni-muenster.de\/fileadmin\/ukminternet\/daten\/zentralauftritt\/presse-services\/downloads\/Logbuch\/UKM_Geschaeftsbericht-2015\/index.html\">UKM Gesch\u00e4ftsbericht 2015<\/a> zeigt &#8222;Die Gesichter des UKM&#8220; in zehn pers\u00f6nlichen Portr\u00e4ts von Mitarbeiterinnen und Mitarbeitern des Universit\u00e4tsklinikums M\u00fcnster.<\/p>\n<p>Viel Spa\u00df beim Bl\u00e4ttern &amp; Lesen &#8230;<\/p>\n<p><a href=\"http:\/\/klinikum.uni-muenster.de\/fileadmin\/ukminternet\/daten\/zentralauftritt\/presse-services\/downloads\/Logbuch\/UKM_Geschaeftsbericht-2015\/index.html\">UKM Gesch\u00e4ftsbericht (Online-Version)<\/a><\/p>\n<p>&nbsp;<\/p>\n<p>&nbsp;<\/p>\n<p>&nbsp;<\/p>\n","protected":false},"excerpt":{"rendered":"<p>Von Januar bis\u00a0M\u00e4rz 2016 \u00a0auf meinem Schreibtisch entstanden, im Sommer erschienen: Der UKM Gesch\u00e4ftsbericht 2015 zeigt &#8222;Die Gesichter des UKM&#8220; in zehn pers\u00f6nlichen Portr\u00e4ts von Mitarbeiterinnen und Mitarbeitern des Universit\u00e4tsklinikums M\u00fcnster. Viel Spa\u00df beim Bl\u00e4ttern &amp; Lesen &#8230; UKM Gesch\u00e4ftsbericht (Online-Version) &nbsp; &nbsp; &nbsp;<\/p>\n","protected":false},"author":1,"featured_media":0,"comment_status":"closed","ping_status":"open","sticky":false,"template":"","format":"standard","meta":{"footnotes":""},"categories":[1],"tags":[],"class_list":["post-167","post","type-post","status-publish","format-standard","hentry","category-allgemein"],"_links":{"self":[{"href":"https:\/\/blog.tim-stelzer.de\/index.php?rest_route=\/wp\/v2\/posts\/167","targetHints":{"allow":["GET"]}}],"collection":[{"href":"https:\/\/blog.tim-stelzer.de\/index.php?rest_route=\/wp\/v2\/posts"}],"about":[{"href":"https:\/\/blog.tim-stelzer.de\/index.php?rest_route=\/wp\/v2\/types\/post"}],"author":[{"embeddable":true,"href":"https:\/\/blog.tim-stelzer.de\/index.php?rest_route=\/wp\/v2\/users\/1"}],"replies":[{"embeddable":true,"href":"https:\/\/blog.tim-stelzer.de\/index.php?rest_route=%2Fwp%2Fv2%2Fcomments&post=167"}],"version-history":[{"count":5,"href":"https:\/\/blog.tim-stelzer.de\/index.php?rest_route=\/wp\/v2\/posts\/167\/revisions"}],"predecessor-version":[{"id":174,"href":"https:\/\/blog.tim-stelzer.de\/index.php?rest_route=\/wp\/v2\/posts\/167\/revisions\/174"}],"wp:attachment":[{"href":"https:\/\/blog.tim-stelzer.de\/index.php?rest_route=%2Fwp%2Fv2%2Fmedia&parent=167"}],"wp:term":[{"taxonomy":"category","embeddable":true,"href":"https:\/\/blog.tim-stelzer.de\/index.php?rest_route=%2Fwp%2Fv2%2Fcategories&post=167"},{"taxonomy":"post_tag","embeddable":true,"href":"https:\/\/blog.tim-stelzer.de\/index.php?rest_route=%2Fwp%2Fv2%2Ftags&post=167"}],"curies":[{"name":"wp","href":"https:\/\/api.w.org\/{rel}","templated":true}]}}